{"id":1773,"date":"2025-06-18T16:52:21","date_gmt":"2025-06-18T15:52:21","guid":{"rendered":"https:\/\/www.mokzloczew.pl\/?p=1773"},"modified":"2025-06-18T18:11:22","modified_gmt":"2025-06-18T17:11:22","slug":"eco-fashion-pokaz-mody-2","status":"publish","type":"post","link":"https:\/\/www.mokzloczew.pl\/index.php\/2025\/06\/18\/eco-fashion-pokaz-mody-2\/","title":{"rendered":"ECO FASHION &#8211; POKAZ MODY"},"content":{"rendered":"<p><span class=\"x193iq5w xeuugli x13faqbe x1vvkbs x1xmvt09 x1lliihq x1s928wv xhkezso x1gmr53x x1cpjm7i x1fgarty x1943h6x xudqn12 x3x7a5m x6prxxf xvq8zen xo1l8bm xzsf02u x1yc453h\" dir=\"auto\">Zobaczcie pokaz przygotowany przez grup\u0119 ze Z\u0142oczewa w ramach projektu &#8222;Eco fashion&#8221;, kt\u00f3ry zako\u0144czy\u0142 si\u0119 17 czerwca. Dzi\u0119kujemy kreatywnym uczestnikom i fajnym organizatorom z <span class=\"html-span xdj266r x14z9mp xat24cr x1lziwak xexx8yu xyri2b x18d9i69 x1c1uobl x1hl2dhg x16tdsg8 x1vvkbs\"><a class=\"x1i10hfl xjbqb8w x1ejq31n x18oe1m7 x1sy0etr xstzfhl x972fbf x10w94by x1qhh985 x14e42zd x9f619 x1ypdohk xt0psk2 xe8uvvx xdj266r x14z9mp xat24cr x1lziwak xexx8yu xyri2b x18d9i69 x1c1uobl x16tdsg8 x1hl2dhg xggy1nq x1a2a7pz xkrqix3 x1sur9pj x1fey0fg x1s688f\" tabindex=\"0\" role=\"link\" href=\"https:\/\/www.facebook.com\/lodzkidomkultury?__cft__[0]=AZXt84dmb_k023byouTK4RGYOdUqfsGgcPRYP7XvTD3kBjBDvqNQULpGfJdGew_ZRzL1RXrFiO2W7AAo2kn9fMM8dNC1aiZ8emkRgWb339_gRGnQv0HP2KMz30CdDkEFOAoPbXTPQksgTCkDMxGJXA9J34VB3UkYCYgqGsLtUA34x2upQhlkFitwQ84OG5LoM6uuRJdkSIxSApOu5Hm-0_FX&amp;__tn__=-]K-R\"><span class=\"xt0psk2\"><span class=\"xjp7ctv\">\u0141\u00f3dzki Dom Kultury<\/span><\/span><\/a><\/span>\u00a0<\/span><\/p>\n<p><iframe loading=\"lazy\" title=\"Eco Fashion   Pokaz mody\" width=\"800\" height=\"450\" src=\"https:\/\/www.youtube.com\/embed\/ZZqgbQ0_1Zw?feature=oembed\" frameborder=\"0\" allow=\"accelerometer; autoplay; clipboard-write; encrypted-media; gyroscope; picture-in-picture; web-share\" referrerpolicy=\"strict-origin-when-cross-origin\" allowfullscreen><\/iframe><\/p>\n","protected":false},"excerpt":{"rendered":"<p>Zobaczcie pokaz przygotowany przez grup\u0119 ze Z\u0142oczewa w ramach projektu &#8222;Eco fashion&#8221;, kt\u00f3ry zako\u0144czy\u0142 si\u0119 17 czerwca. Dzi\u0119kujemy kreatywnym uczestnikom i fajnym organizatorom z \u0141\u00f3dzki Dom Kultury\u00a0<\/p>\n","protected":false},"author":3,"featured_media":1674,"comment_status":"open","ping_status":"open","sticky":false,"template":"","format":"standard","meta":{"footnotes":""},"categories":[1],"tags":[],"class_list":["post-1773","post","type-post","status-publish","format-standard","has-post-thumbnail","hentry","category-aktualnosci"],"_links":{"self":[{"href":"https:\/\/www.mokzloczew.pl\/index.php\/wp-json\/wp\/v2\/posts\/1773","targetHints":{"allow":["GET"]}}],"collection":[{"href":"https:\/\/www.mokzloczew.pl\/index.php\/wp-json\/wp\/v2\/posts"}],"about":[{"href":"https:\/\/www.mokzloczew.pl\/index.php\/wp-json\/wp\/v2\/types\/post"}],"author":[{"embeddable":true,"href":"https:\/\/www.mokzloczew.pl\/index.php\/wp-json\/wp\/v2\/users\/3"}],"replies":[{"embeddable":true,"href":"https:\/\/www.mokzloczew.pl\/index.php\/wp-json\/wp\/v2\/comments?post=1773"}],"version-history":[{"count":3,"href":"https:\/\/www.mokzloczew.pl\/index.php\/wp-json\/wp\/v2\/posts\/1773\/revisions"}],"predecessor-version":[{"id":1792,"href":"https:\/\/www.mokzloczew.pl\/index.php\/wp-json\/wp\/v2\/posts\/1773\/revisions\/1792"}],"wp:featuredmedia":[{"embeddable":true,"href":"https:\/\/www.mokzloczew.pl\/index.php\/wp-json\/wp\/v2\/media\/1674"}],"wp:attachment":[{"href":"https:\/\/www.mokzloczew.pl\/index.php\/wp-json\/wp\/v2\/media?parent=1773"}],"wp:term":[{"taxonomy":"category","embeddable":true,"href":"https:\/\/www.mokzloczew.pl\/index.php\/wp-json\/wp\/v2\/categories?post=1773"},{"taxonomy":"post_tag","embeddable":true,"href":"https:\/\/www.mokzloczew.pl\/index.php\/wp-json\/wp\/v2\/tags?post=1773"}],"curies":[{"name":"wp","href":"https:\/\/api.w.org\/{rel}","templated":true}]}}